{"id":1297,"date":"2024-09-26T21:07:13","date_gmt":"2024-09-26T21:07:13","guid":{"rendered":"https:\/\/duivenstraat.nl\/?p=1297"},"modified":"2024-09-26T21:07:13","modified_gmt":"2024-09-26T21:07:13","slug":"morgan-storm-kivas-nastan-dar","status":"publish","type":"post","link":"https:\/\/duivenstraat.nl\/index.php\/2024\/09\/26\/morgan-storm-kivas-nastan-dar\/","title":{"rendered":"Morgan Storm &amp; Kivas &#8211; N\u00e4stan D\u00e4r"},"content":{"rendered":"\n<p style=\"margin-top:var(--wp--preset--spacing--10);margin-bottom:var(--wp--preset--spacing--10)\"><strong><em><a href=\"https:\/\/morganstorm-kivas.com\/\">Morgan Storm<\/a><\/em><\/strong> is een Zweedse singer-songwriter uit Halmstad, die nu in Malm\u00f6, Zweden woont. Sinds 1995 werkte hij in verschillende bands met muziek, waarbij hij zijn eigen teksten en muziek schrijft en uitvoert. Rootsrock, pop, punk en folkmuziek. In 2020, terwijl de pandemie groot was, besloot hij om elke goede ervaring in een nieuwe band te stoppen en met oude vrienden vormde hij Morgan Storm &amp; KIVAS.<\/p>\n\n\n\n<p style=\"margin-top:var(--wp--preset--spacing--10);margin-bottom:var(--wp--preset--spacing--10)\">In het najaar van 2022 werd het eerste volledige album, &#8220;Vind F\u00f6r V\u00e5g&#8221;, uitgebracht. Het is een sterke mix van levendige persoonlijke teksten en een muzikale mix van energieke rootsrock, folk en aanstekelijke popmelodie\u00ebn. Het album kreeg geweldige reacties van boekingsagenten, locaties, publiek en schrijvers.<\/p>\n\n\n\n<p style=\"margin-top:var(--wp--preset--spacing--10);margin-bottom:var(--wp--preset--spacing--10)\">In 2023 werden twee singles uitgebracht op Paraply Records met distributie door Border Music en Red Eye Worldwide. \u201dI V\u00e4ntan P\u00e5 Vad\u00e5?\u201d, een eerbetoon aan de Zweedse rockdichter Magnus Lindberg. \u201dN\u00e5got H\u00e4nger Kvar\u201d, een wandeling door het verleden. Beide kregen goede reacties van het publiek en de luisteraars, en in 2024 werden de volgende 3 singles uitgebracht, \u201dEn Annan Sort, \u201dN\u00e4r K\u00e4rleken D\u00f6r\u201d en \u201dFel Planet\u201d.<\/p>\n\n\n\n<p style=\"margin-top:var(--wp--preset--spacing--10);margin-bottom:var(--wp--preset--spacing--10)\">En nu is het tijd voor het 2e volledige album, \u201dN\u00e4stan D\u00e4r\u201d.<\/p>\n\n\n\n<p style=\"margin-top:var(--wp--preset--spacing--10);margin-bottom:var(--wp--preset--spacing--10)\"><strong>KIVAS<\/strong> zijn:<br>Morgan Storm, zang, gitaar<br>Rolf Perleij, Hammond B3<br>Esbj\u00f6rn Nilsson, drums<br>Nina Storm, zang, koor en arrangementen<br>Anna-Maria Ekl\u00f6w, bas, zang<\/p>\n\n\n\n<figure class=\"wp-block-embed is-type-video is-provider-youtube wp-block-embed-youtube wp-embed-aspect-16-9 wp-has-aspect-ratio\"><div class=\"wp-block-embed__wrapper\">\n<iframe loading=\"lazy\" title=\"Morgan Storm &amp; Kivas - M\u00e5ste ingenting\" width=\"500\" height=\"281\" src=\"https:\/\/www.youtube.com\/embed\/s9_6JxhBbVw?feature=oembed\" frameborder=\"0\" allow=\"accelerometer; autoplay; clipboard-write; encrypted-media; gyroscope; picture-in-picture; web-share\" referrerpolicy=\"strict-origin-when-cross-origin\" allowfullscreen><\/iframe>\n<\/div><\/figure>\n\n\n\n<p><\/p>\n","protected":false},"excerpt":{"rendered":"<p>Morgan Storm is een Zweedse singer-songwriter uit Halmstad, die nu in Malm\u00f6, Zweden woont. Sinds 1995 werkte hij in verschillende bands met muziek, waarbij hij zijn eigen teksten en muziek schrijft en uitvoert. Rootsrock, pop, punk en folkmuziek. In 2020, terwijl de pandemie groot was, besloot hij om elke goede ervaring in een nieuwe band [&hellip;]<\/p>\n","protected":false},"author":3,"featured_media":1298,"comment_status":"closed","ping_status":"closed","sticky":false,"template":"","format":"standard","meta":{"footnotes":""},"categories":[6],"tags":[],"class_list":["post-1297","post","type-post","status-publish","format-standard","has-post-thumbnail","hentry","category-newalbums"],"yoast_head":"<!-- This site is optimized with the Yoast SEO plugin v27.5 - https:\/\/yoast.com\/product\/yoast-seo-wordpress\/ -->\n<title>Morgan Storm &amp; Kivas - N\u00e4stan D\u00e4r - Radio Duivenstraat<\/title>\n<meta name=\"robots\" content=\"index, follow, max-snippet:-1, max-image-preview:large, max-video-preview:-1\" \/>\n<link rel=\"canonical\" href=\"https:\/\/duivenstraat.nl\/index.php\/2024\/09\/26\/morgan-storm-kivas-nastan-dar\/\" \/>\n<meta property=\"og:locale\" content=\"nl_NL\" \/>\n<meta property=\"og:type\" content=\"article\" \/>\n<meta property=\"og:title\" content=\"Morgan Storm &amp; Kivas - N\u00e4stan D\u00e4r - Radio Duivenstraat\" \/>\n<meta property=\"og:description\" content=\"Morgan Storm is een Zweedse singer-songwriter uit Halmstad, die nu in Malm\u00f6, Zweden woont. Sinds 1995 werkte hij in verschillende bands met muziek, waarbij hij zijn eigen teksten en muziek schrijft en uitvoert. Rootsrock, pop, punk en folkmuziek. In 2020, terwijl de pandemie groot was, besloot hij om elke goede ervaring in een nieuwe band [&hellip;]\" \/>\n<meta property=\"og:url\" content=\"https:\/\/duivenstraat.nl\/index.php\/2024\/09\/26\/morgan-storm-kivas-nastan-dar\/\" \/>\n<meta property=\"og:site_name\" content=\"Radio Duivenstraat\" \/>\n<meta property=\"article:publisher\" content=\"https:\/\/www.facebook.com\/groups\/403224806511867\/\" \/>\n<meta property=\"article:published_time\" content=\"2024-09-26T21:07:13+00:00\" \/>\n<meta property=\"og:image\" content=\"https:\/\/duivenstraat.nl\/wp-content\/uploads\/Morgan-Storm-Kivas-Nastan-Dar.png\" \/>\n\t<meta property=\"og:image:width\" content=\"400\" \/>\n\t<meta property=\"og:image:height\" content=\"400\" \/>\n\t<meta property=\"og:image:type\" content=\"image\/png\" \/>\n<meta name=\"author\" content=\"Jan van Eck\" \/>\n<meta name=\"twitter:card\" content=\"summary_large_image\" \/>\n<meta name=\"twitter:label1\" content=\"Geschreven door\" \/>\n\t<meta name=\"twitter:data1\" content=\"Jan van Eck\" \/>\n\t<meta name=\"twitter:label2\" content=\"Geschatte leestijd\" \/>\n\t<meta name=\"twitter:data2\" content=\"2 minuten\" \/>\n<script type=\"application\/ld+json\" class=\"yoast-schema-graph\">{\"@context\":\"https:\\\/\\\/schema.org\",\"@graph\":[{\"@type\":\"Article\",\"@id\":\"https:\\\/\\\/duivenstraat.nl\\\/index.php\\\/2024\\\/09\\\/26\\\/morgan-storm-kivas-nastan-dar\\\/#article\",\"isPartOf\":{\"@id\":\"https:\\\/\\\/duivenstraat.nl\\\/index.php\\\/2024\\\/09\\\/26\\\/morgan-storm-kivas-nastan-dar\\\/\"},\"author\":{\"name\":\"Jan van Eck\",\"@id\":\"https:\\\/\\\/duivenstraat.nl\\\/#\\\/schema\\\/person\\\/9a4e1ff824e6653037a5a6122eb18b5f\"},\"headline\":\"Morgan Storm &amp; Kivas &#8211; N\u00e4stan D\u00e4r\",\"datePublished\":\"2024-09-26T21:07:13+00:00\",\"mainEntityOfPage\":{\"@id\":\"https:\\\/\\\/duivenstraat.nl\\\/index.php\\\/2024\\\/09\\\/26\\\/morgan-storm-kivas-nastan-dar\\\/\"},\"wordCount\":234,\"publisher\":{\"@id\":\"https:\\\/\\\/duivenstraat.nl\\\/#organization\"},\"image\":{\"@id\":\"https:\\\/\\\/duivenstraat.nl\\\/index.php\\\/2024\\\/09\\\/26\\\/morgan-storm-kivas-nastan-dar\\\/#primaryimage\"},\"thumbnailUrl\":\"https:\\\/\\\/duivenstraat.nl\\\/wp-content\\\/uploads\\\/Morgan-Storm-Kivas-Nastan-Dar.png\",\"articleSection\":[\"ALBUMS UITGELICHT\"],\"inLanguage\":\"nl-NL\"},{\"@type\":\"WebPage\",\"@id\":\"https:\\\/\\\/duivenstraat.nl\\\/index.php\\\/2024\\\/09\\\/26\\\/morgan-storm-kivas-nastan-dar\\\/\",\"url\":\"https:\\\/\\\/duivenstraat.nl\\\/index.php\\\/2024\\\/09\\\/26\\\/morgan-storm-kivas-nastan-dar\\\/\",\"name\":\"Morgan Storm &amp; Kivas - N\u00e4stan D\u00e4r - Radio Duivenstraat\",\"isPartOf\":{\"@id\":\"https:\\\/\\\/duivenstraat.nl\\\/#website\"},\"primaryImageOfPage\":{\"@id\":\"https:\\\/\\\/duivenstraat.nl\\\/index.php\\\/2024\\\/09\\\/26\\\/morgan-storm-kivas-nastan-dar\\\/#primaryimage\"},\"image\":{\"@id\":\"https:\\\/\\\/duivenstraat.nl\\\/index.php\\\/2024\\\/09\\\/26\\\/morgan-storm-kivas-nastan-dar\\\/#primaryimage\"},\"thumbnailUrl\":\"https:\\\/\\\/duivenstraat.nl\\\/wp-content\\\/uploads\\\/Morgan-Storm-Kivas-Nastan-Dar.png\",\"datePublished\":\"2024-09-26T21:07:13+00:00\",\"breadcrumb\":{\"@id\":\"https:\\\/\\\/duivenstraat.nl\\\/index.php\\\/2024\\\/09\\\/26\\\/morgan-storm-kivas-nastan-dar\\\/#breadcrumb\"},\"inLanguage\":\"nl-NL\",\"potentialAction\":[{\"@type\":\"ReadAction\",\"target\":[\"https:\\\/\\\/duivenstraat.nl\\\/index.php\\\/2024\\\/09\\\/26\\\/morgan-storm-kivas-nastan-dar\\\/\"]}]},{\"@type\":\"ImageObject\",\"inLanguage\":\"nl-NL\",\"@id\":\"https:\\\/\\\/duivenstraat.nl\\\/index.php\\\/2024\\\/09\\\/26\\\/morgan-storm-kivas-nastan-dar\\\/#primaryimage\",\"url\":\"https:\\\/\\\/duivenstraat.nl\\\/wp-content\\\/uploads\\\/Morgan-Storm-Kivas-Nastan-Dar.png\",\"contentUrl\":\"https:\\\/\\\/duivenstraat.nl\\\/wp-content\\\/uploads\\\/Morgan-Storm-Kivas-Nastan-Dar.png\",\"width\":400,\"height\":400},{\"@type\":\"BreadcrumbList\",\"@id\":\"https:\\\/\\\/duivenstraat.nl\\\/index.php\\\/2024\\\/09\\\/26\\\/morgan-storm-kivas-nastan-dar\\\/#breadcrumb\",\"itemListElement\":[{\"@type\":\"ListItem\",\"position\":1,\"name\":\"Home\",\"item\":\"https:\\\/\\\/duivenstraat.nl\\\/\"},{\"@type\":\"ListItem\",\"position\":2,\"name\":\"Morgan Storm &amp; Kivas &#8211; N\u00e4stan D\u00e4r\"}]},{\"@type\":\"WebSite\",\"@id\":\"https:\\\/\\\/duivenstraat.nl\\\/#website\",\"url\":\"https:\\\/\\\/duivenstraat.nl\\\/\",\"name\":\"Radio Duivenstraat\",\"description\":\"De kleinste maar kleurrijkste van Hilversum\",\"publisher\":{\"@id\":\"https:\\\/\\\/duivenstraat.nl\\\/#organization\"},\"potentialAction\":[{\"@type\":\"SearchAction\",\"target\":{\"@type\":\"EntryPoint\",\"urlTemplate\":\"https:\\\/\\\/duivenstraat.nl\\\/?s={search_term_string}\"},\"query-input\":{\"@type\":\"PropertyValueSpecification\",\"valueRequired\":true,\"valueName\":\"search_term_string\"}}],\"inLanguage\":\"nl-NL\"},{\"@type\":\"Organization\",\"@id\":\"https:\\\/\\\/duivenstraat.nl\\\/#organization\",\"name\":\"Radio Duivenstraat\",\"url\":\"https:\\\/\\\/duivenstraat.nl\\\/\",\"logo\":{\"@type\":\"ImageObject\",\"inLanguage\":\"nl-NL\",\"@id\":\"https:\\\/\\\/duivenstraat.nl\\\/#\\\/schema\\\/logo\\\/image\\\/\",\"url\":\"https:\\\/\\\/duivenstraat.nl\\\/wp-content\\\/uploads\\\/RD-LOGO.png\",\"contentUrl\":\"https:\\\/\\\/duivenstraat.nl\\\/wp-content\\\/uploads\\\/RD-LOGO.png\",\"width\":300,\"height\":212,\"caption\":\"Radio Duivenstraat\"},\"image\":{\"@id\":\"https:\\\/\\\/duivenstraat.nl\\\/#\\\/schema\\\/logo\\\/image\\\/\"},\"sameAs\":[\"https:\\\/\\\/www.facebook.com\\\/groups\\\/403224806511867\\\/\",\"https:\\\/\\\/bsky.app\\\/profile\\\/radioduivenstraat.bsky.social\"]},{\"@type\":\"Person\",\"@id\":\"https:\\\/\\\/duivenstraat.nl\\\/#\\\/schema\\\/person\\\/9a4e1ff824e6653037a5a6122eb18b5f\",\"name\":\"Jan van Eck\",\"image\":{\"@type\":\"ImageObject\",\"inLanguage\":\"nl-NL\",\"@id\":\"https:\\\/\\\/secure.gravatar.com\\\/avatar\\\/6b6f01e17cd8e3c6ae4512d8f536925570a255a55bd3494039e799b7476bd60b?s=96&d=mm&r=g\",\"url\":\"https:\\\/\\\/secure.gravatar.com\\\/avatar\\\/6b6f01e17cd8e3c6ae4512d8f536925570a255a55bd3494039e799b7476bd60b?s=96&d=mm&r=g\",\"contentUrl\":\"https:\\\/\\\/secure.gravatar.com\\\/avatar\\\/6b6f01e17cd8e3c6ae4512d8f536925570a255a55bd3494039e799b7476bd60b?s=96&d=mm&r=g\",\"caption\":\"Jan van Eck\"},\"url\":\"https:\\\/\\\/duivenstraat.nl\\\/index.php\\\/author\\\/jan-van-eck\\\/\"}]}<\/script>\n<!-- \/ Yoast SEO plugin. -->","yoast_head_json":{"title":"Morgan Storm &amp; Kivas - N\u00e4stan D\u00e4r - Radio Duivenstraat","robots":{"index":"index","follow":"follow","max-snippet":"max-snippet:-1","max-image-preview":"max-image-preview:large","max-video-preview":"max-video-preview:-1"},"canonical":"https:\/\/duivenstraat.nl\/index.php\/2024\/09\/26\/morgan-storm-kivas-nastan-dar\/","og_locale":"nl_NL","og_type":"article","og_title":"Morgan Storm &amp; Kivas - N\u00e4stan D\u00e4r - Radio Duivenstraat","og_description":"Morgan Storm is een Zweedse singer-songwriter uit Halmstad, die nu in Malm\u00f6, Zweden woont. Sinds 1995 werkte hij in verschillende bands met muziek, waarbij hij zijn eigen teksten en muziek schrijft en uitvoert. Rootsrock, pop, punk en folkmuziek. In 2020, terwijl de pandemie groot was, besloot hij om elke goede ervaring in een nieuwe band [&hellip;]","og_url":"https:\/\/duivenstraat.nl\/index.php\/2024\/09\/26\/morgan-storm-kivas-nastan-dar\/","og_site_name":"Radio Duivenstraat","article_publisher":"https:\/\/www.facebook.com\/groups\/403224806511867\/","article_published_time":"2024-09-26T21:07:13+00:00","og_image":[{"width":400,"height":400,"url":"https:\/\/duivenstraat.nl\/wp-content\/uploads\/Morgan-Storm-Kivas-Nastan-Dar.png","type":"image\/png"}],"author":"Jan van Eck","twitter_card":"summary_large_image","twitter_misc":{"Geschreven door":"Jan van Eck","Geschatte leestijd":"2 minuten"},"schema":{"@context":"https:\/\/schema.org","@graph":[{"@type":"Article","@id":"https:\/\/duivenstraat.nl\/index.php\/2024\/09\/26\/morgan-storm-kivas-nastan-dar\/#article","isPartOf":{"@id":"https:\/\/duivenstraat.nl\/index.php\/2024\/09\/26\/morgan-storm-kivas-nastan-dar\/"},"author":{"name":"Jan van Eck","@id":"https:\/\/duivenstraat.nl\/#\/schema\/person\/9a4e1ff824e6653037a5a6122eb18b5f"},"headline":"Morgan Storm &amp; Kivas &#8211; N\u00e4stan D\u00e4r","datePublished":"2024-09-26T21:07:13+00:00","mainEntityOfPage":{"@id":"https:\/\/duivenstraat.nl\/index.php\/2024\/09\/26\/morgan-storm-kivas-nastan-dar\/"},"wordCount":234,"publisher":{"@id":"https:\/\/duivenstraat.nl\/#organization"},"image":{"@id":"https:\/\/duivenstraat.nl\/index.php\/2024\/09\/26\/morgan-storm-kivas-nastan-dar\/#primaryimage"},"thumbnailUrl":"https:\/\/duivenstraat.nl\/wp-content\/uploads\/Morgan-Storm-Kivas-Nastan-Dar.png","articleSection":["ALBUMS UITGELICHT"],"inLanguage":"nl-NL"},{"@type":"WebPage","@id":"https:\/\/duivenstraat.nl\/index.php\/2024\/09\/26\/morgan-storm-kivas-nastan-dar\/","url":"https:\/\/duivenstraat.nl\/index.php\/2024\/09\/26\/morgan-storm-kivas-nastan-dar\/","name":"Morgan Storm &amp; Kivas - N\u00e4stan D\u00e4r - Radio Duivenstraat","isPartOf":{"@id":"https:\/\/duivenstraat.nl\/#website"},"primaryImageOfPage":{"@id":"https:\/\/duivenstraat.nl\/index.php\/2024\/09\/26\/morgan-storm-kivas-nastan-dar\/#primaryimage"},"image":{"@id":"https:\/\/duivenstraat.nl\/index.php\/2024\/09\/26\/morgan-storm-kivas-nastan-dar\/#primaryimage"},"thumbnailUrl":"https:\/\/duivenstraat.nl\/wp-content\/uploads\/Morgan-Storm-Kivas-Nastan-Dar.png","datePublished":"2024-09-26T21:07:13+00:00","breadcrumb":{"@id":"https:\/\/duivenstraat.nl\/index.php\/2024\/09\/26\/morgan-storm-kivas-nastan-dar\/#breadcrumb"},"inLanguage":"nl-NL","potentialAction":[{"@type":"ReadAction","target":["https:\/\/duivenstraat.nl\/index.php\/2024\/09\/26\/morgan-storm-kivas-nastan-dar\/"]}]},{"@type":"ImageObject","inLanguage":"nl-NL","@id":"https:\/\/duivenstraat.nl\/index.php\/2024\/09\/26\/morgan-storm-kivas-nastan-dar\/#primaryimage","url":"https:\/\/duivenstraat.nl\/wp-content\/uploads\/Morgan-Storm-Kivas-Nastan-Dar.png","contentUrl":"https:\/\/duivenstraat.nl\/wp-content\/uploads\/Morgan-Storm-Kivas-Nastan-Dar.png","width":400,"height":400},{"@type":"BreadcrumbList","@id":"https:\/\/duivenstraat.nl\/index.php\/2024\/09\/26\/morgan-storm-kivas-nastan-dar\/#breadcrumb","itemListElement":[{"@type":"ListItem","position":1,"name":"Home","item":"https:\/\/duivenstraat.nl\/"},{"@type":"ListItem","position":2,"name":"Morgan Storm &amp; Kivas &#8211; N\u00e4stan D\u00e4r"}]},{"@type":"WebSite","@id":"https:\/\/duivenstraat.nl\/#website","url":"https:\/\/duivenstraat.nl\/","name":"Radio Duivenstraat","description":"De kleinste maar kleurrijkste van Hilversum","publisher":{"@id":"https:\/\/duivenstraat.nl\/#organization"},"potentialAction":[{"@type":"SearchAction","target":{"@type":"EntryPoint","urlTemplate":"https:\/\/duivenstraat.nl\/?s={search_term_string}"},"query-input":{"@type":"PropertyValueSpecification","valueRequired":true,"valueName":"search_term_string"}}],"inLanguage":"nl-NL"},{"@type":"Organization","@id":"https:\/\/duivenstraat.nl\/#organization","name":"Radio Duivenstraat","url":"https:\/\/duivenstraat.nl\/","logo":{"@type":"ImageObject","inLanguage":"nl-NL","@id":"https:\/\/duivenstraat.nl\/#\/schema\/logo\/image\/","url":"https:\/\/duivenstraat.nl\/wp-content\/uploads\/RD-LOGO.png","contentUrl":"https:\/\/duivenstraat.nl\/wp-content\/uploads\/RD-LOGO.png","width":300,"height":212,"caption":"Radio Duivenstraat"},"image":{"@id":"https:\/\/duivenstraat.nl\/#\/schema\/logo\/image\/"},"sameAs":["https:\/\/www.facebook.com\/groups\/403224806511867\/","https:\/\/bsky.app\/profile\/radioduivenstraat.bsky.social"]},{"@type":"Person","@id":"https:\/\/duivenstraat.nl\/#\/schema\/person\/9a4e1ff824e6653037a5a6122eb18b5f","name":"Jan van Eck","image":{"@type":"ImageObject","inLanguage":"nl-NL","@id":"https:\/\/secure.gravatar.com\/avatar\/6b6f01e17cd8e3c6ae4512d8f536925570a255a55bd3494039e799b7476bd60b?s=96&d=mm&r=g","url":"https:\/\/secure.gravatar.com\/avatar\/6b6f01e17cd8e3c6ae4512d8f536925570a255a55bd3494039e799b7476bd60b?s=96&d=mm&r=g","contentUrl":"https:\/\/secure.gravatar.com\/avatar\/6b6f01e17cd8e3c6ae4512d8f536925570a255a55bd3494039e799b7476bd60b?s=96&d=mm&r=g","caption":"Jan van Eck"},"url":"https:\/\/duivenstraat.nl\/index.php\/author\/jan-van-eck\/"}]}},"_links":{"self":[{"href":"https:\/\/duivenstraat.nl\/index.php\/wp-json\/wp\/v2\/posts\/1297","targetHints":{"allow":["GET"]}}],"collection":[{"href":"https:\/\/duivenstraat.nl\/index.php\/wp-json\/wp\/v2\/posts"}],"about":[{"href":"https:\/\/duivenstraat.nl\/index.php\/wp-json\/wp\/v2\/types\/post"}],"author":[{"embeddable":true,"href":"https:\/\/duivenstraat.nl\/index.php\/wp-json\/wp\/v2\/users\/3"}],"replies":[{"embeddable":true,"href":"https:\/\/duivenstraat.nl\/index.php\/wp-json\/wp\/v2\/comments?post=1297"}],"version-history":[{"count":1,"href":"https:\/\/duivenstraat.nl\/index.php\/wp-json\/wp\/v2\/posts\/1297\/revisions"}],"predecessor-version":[{"id":1299,"href":"https:\/\/duivenstraat.nl\/index.php\/wp-json\/wp\/v2\/posts\/1297\/revisions\/1299"}],"wp:featuredmedia":[{"embeddable":true,"href":"https:\/\/duivenstraat.nl\/index.php\/wp-json\/wp\/v2\/media\/1298"}],"wp:attachment":[{"href":"https:\/\/duivenstraat.nl\/index.php\/wp-json\/wp\/v2\/media?parent=1297"}],"wp:term":[{"taxonomy":"category","embeddable":true,"href":"https:\/\/duivenstraat.nl\/index.php\/wp-json\/wp\/v2\/categories?post=1297"},{"taxonomy":"post_tag","embeddable":true,"href":"https:\/\/duivenstraat.nl\/index.php\/wp-json\/wp\/v2\/tags?post=1297"}],"curies":[{"name":"wp","href":"https:\/\/api.w.org\/{rel}","templated":true}]}}