{"id":2466,"date":"2025-01-08T23:28:54","date_gmt":"2025-01-08T22:28:54","guid":{"rendered":"https:\/\/duivenstraat.nl\/?p=2466"},"modified":"2025-01-08T23:28:56","modified_gmt":"2025-01-08T22:28:56","slug":"sunniva-brynnel-bohuslan","status":"publish","type":"post","link":"https:\/\/duivenstraat.nl\/index.php\/2025\/01\/08\/sunniva-brynnel-bohuslan\/","title":{"rendered":"Sunniva Brynnel &#8211; Bohusl\u00e4n"},"content":{"rendered":"\n<p style=\"margin-top:var(--wp--preset--spacing--10);margin-bottom:var(--wp--preset--spacing--10)\">Opgenomen en gemixt door Henrik Cederblom in Studio Epidemin. Gemasterd door Svante Forsb\u00e4ck bij Chartmakers Oy. Alle muziek is traditioneel, behalve Flickan i Uddevalla, met muziek en teksten van Andreas Jansson. De muziek op dit album is gearrangeerd en geproduceerd door <strong><em><a href=\"https:\/\/www.sunnivabrynnel.com\/\">Sunniva Brynnel<\/a><\/em><\/strong>. Album foto door Zita M Photography.<\/p>\n\n\n\n<p style=\"margin-top:var(--wp--preset--spacing--10);margin-bottom:var(--wp--preset--spacing--10)\">De Zweedse accordeonist en zangeres Sunniva Brynnel is een vrouwelijke muzikant van de zevende generatie en groeide op in de buurt van het bos en de zoute zee in Uddevalla, in de westkustprovincie Bohusl\u00e4n. Gedurende haar jeugd reisde Sunniva met haar moeder, zangeres Rosa Brynnel, door Zweden en zong protestliederen en volksliederen op muziekpodia en op straat. De traditionele muziek uit de provincie Bohusl\u00e4n maakte altijd deel uit van het leven van Sunniva, deels door haar langdurige relatie met de lokale cultuur- en volksmuziekgroep Boken\u00e4sets \u00c5dra. De muzikale missie van Boken\u00e4sets \u00c5dra is het bevorderen van het behoud van de traditionele muziek van Bohusl\u00e4n, en Sunniva nam vaak samen met haar moeder deel aan de bijeenkomsten van de groep.<\/p>\n\n\n\n<figure class=\"wp-block-image size-full\"><img loading=\"lazy\" decoding=\"async\" width=\"975\" height=\"696\" src=\"https:\/\/duivenstraat.nl\/wp-content\/uploads\/Sunniva-Brynnel-3.png\" alt=\"\" class=\"wp-image-2469\" srcset=\"https:\/\/duivenstraat.nl\/wp-content\/uploads\/Sunniva-Brynnel-3.png 975w, https:\/\/duivenstraat.nl\/wp-content\/uploads\/Sunniva-Brynnel-3-300x214.png 300w, https:\/\/duivenstraat.nl\/wp-content\/uploads\/Sunniva-Brynnel-3-768x548.png 768w\" sizes=\"auto, (max-width: 975px) 100vw, 975px\" \/><\/figure>\n\n\n\n<p style=\"margin-top:var(--wp--preset--spacing--10);margin-bottom:var(--wp--preset--spacing--10)\">Toen Sunniva volwassen werd, begon ze onmiddellijk de wereld rond te reizen en gedurende een decennium van haar volwassen leven woonde ze in het buitenland: in Ierland, Engeland en de VS. Ze studeerde traditionele Ierse volksmuziek aan het DIT Conservatory of Music and Drama in Dublin, ze heeft een bachelordiploma in jazzcompositie aan het Leeds College of Music in Engeland, evenals een masterdiploma in hedendaagse improvisatie aan het New England Conservatory, Boston, VS. In alle landen en steden waar ze woonde bestudeerde Sunniva de lokale volksmuziek; Menig avond werd ook besteed aan het jammen van deuntjes tijdens vrolijke en drukke volksmuzieksessies. Ze studeerde klassieke Indiase muziek in zowel Engeland als de VS, en speelde en nam haar originele muziek op met haar eigen jazzgroepen in beide landen. Een paar intense jaren toerde Sunniva met haar Amerikaans\/Zweedse volksmuzieksextet Night Tree, bestaande uit zes virtuoze muzikanten die allemaal een liefde deelden voor muziek van de Britse eilanden. Night Tree nam twee albums op (deels bestaande uit Sunniva\u2019s originele muziek), verscheen in de Amerikaanse folkradio-hitlijsten en gaf in twee jaar tijd zo\u2019n 150 concerten in de VS. Sinds 2016 heeft Sunniva als bandleider ook drie albums uitgebracht met haar originele muziek.<\/p>\n\n\n\n<p style=\"margin-top:var(--wp--preset--spacing--10);margin-bottom:var(--wp--preset--spacing--10)\">Sunniva Brynnel nam al deze muzikale invloeden mee de studio in terwijl ze de muziek uit haar thuisland Bohusl\u00e4n arrangeerde en opnam. Jarenlang heeft ze deze muziek uitgevoerd en onderwezen, en al die jaren bleef ze zoeken naar haar persoonlijke expressie binnen de traditie. Ze experimenteerde met het aankleden van de melodie\u00ebn in nieuwe harmonische landschappen, het uitbreiden van melodische vormen, het toevoegen van maten van melodische pauzes binnen melodiestructuren, het integreren van improvisatie en het spelen met tempo&#8217;s en ritmische benaderingen. Toen ze een geluid tegenkwam dat haar iets deed voelen, voelde ze zich klaar om deze muziek op te nemen.<\/p>\n\n\n\n<p style=\"margin-top:var(--wp--preset--spacing--10);margin-bottom:var(--wp--preset--spacing--10)\">Op deze plaat spelen ook enkele van de beste folkmuzikanten uit de Scandinavische landen: de Finse pianist\/componist Timo Alakotila (Sunniva en Timo brachten in 2016 een origineel album uit), evenals de Zweedse violisten Hans Kennemark en Jenny Gustafsson, die beiden de onderscheiden titel riksspelman, nationale violist, in Zweden.<\/p>\n\n\n\n<p><strong>Sunniva Brynnel \u2013 accordion &amp; vocals<\/strong><\/p>\n\n\n\n<p><strong>Timo Alakotila \u2013 piano<\/strong><\/p>\n\n\n\n<p><strong>Hans Kennemark \u2013 violin (tracks 2 &amp; 11)<\/strong><\/p>\n\n\n\n<p><strong>Jenny Gustafsson \u2013 violin (track 4)<\/strong><\/p>\n\n\n\n<p>Release: 14nfebruari 2025<\/p>\n\n\n\n<figure class=\"wp-block-embed is-type-video is-provider-youtube wp-block-embed-youtube wp-embed-aspect-16-9 wp-has-aspect-ratio\"><div class=\"wp-block-embed__wrapper\">\n<iframe loading=\"lazy\" title=\"Gustafsbergens Polska\u00a0\u2013\u00a0Sunniva Brynnel\" width=\"500\" height=\"281\" src=\"https:\/\/www.youtube.com\/embed\/wm8rox0I7Jk?feature=oembed\" frameborder=\"0\" allow=\"accelerometer; autoplay; clipboard-write; encrypted-media; gyroscope; picture-in-picture; web-share\" referrerpolicy=\"strict-origin-when-cross-origin\" allowfullscreen><\/iframe>\n<\/div><\/figure>\n","protected":false},"excerpt":{"rendered":"<p>Opgenomen en gemixt door Henrik Cederblom in Studio Epidemin. Gemasterd door Svante Forsb\u00e4ck bij Chartmakers Oy. Alle muziek is traditioneel, behalve Flickan i Uddevalla, met muziek en teksten van Andreas Jansson. De muziek op dit album is gearrangeerd en geproduceerd door Sunniva Brynnel. Album foto door Zita M Photography. De Zweedse accordeonist en zangeres Sunniva [&hellip;]<\/p>\n","protected":false},"author":3,"featured_media":2468,"comment_status":"closed","ping_status":"closed","sticky":false,"template":"","format":"standard","meta":{"footnotes":""},"categories":[6],"tags":[],"class_list":["post-2466","post","type-post","status-publish","format-standard","has-post-thumbnail","hentry","category-newalbums"],"yoast_head":"<!-- This site is optimized with the Yoast SEO plugin v27.5 - https:\/\/yoast.com\/product\/yoast-seo-wordpress\/ -->\n<title>Sunniva Brynnel - Bohusl\u00e4n - Radio Duivenstraat<\/title>\n<meta name=\"robots\" content=\"index, follow, max-snippet:-1, max-image-preview:large, max-video-preview:-1\" \/>\n<link rel=\"canonical\" href=\"https:\/\/duivenstraat.nl\/index.php\/2025\/01\/08\/sunniva-brynnel-bohuslan\/\" \/>\n<meta property=\"og:locale\" content=\"nl_NL\" \/>\n<meta property=\"og:type\" content=\"article\" \/>\n<meta property=\"og:title\" content=\"Sunniva Brynnel - Bohusl\u00e4n - Radio Duivenstraat\" \/>\n<meta property=\"og:description\" content=\"Opgenomen en gemixt door Henrik Cederblom in Studio Epidemin. Gemasterd door Svante Forsb\u00e4ck bij Chartmakers Oy. Alle muziek is traditioneel, behalve Flickan i Uddevalla, met muziek en teksten van Andreas Jansson. De muziek op dit album is gearrangeerd en geproduceerd door Sunniva Brynnel. Album foto door Zita M Photography. De Zweedse accordeonist en zangeres Sunniva [&hellip;]\" \/>\n<meta property=\"og:url\" content=\"https:\/\/duivenstraat.nl\/index.php\/2025\/01\/08\/sunniva-brynnel-bohuslan\/\" \/>\n<meta property=\"og:site_name\" content=\"Radio Duivenstraat\" \/>\n<meta property=\"article:publisher\" content=\"https:\/\/www.facebook.com\/groups\/403224806511867\/\" \/>\n<meta property=\"article:published_time\" content=\"2025-01-08T22:28:54+00:00\" \/>\n<meta property=\"article:modified_time\" content=\"2025-01-08T22:28:56+00:00\" \/>\n<meta property=\"og:image\" content=\"https:\/\/duivenstraat.nl\/wp-content\/uploads\/Sunniva-Brynnel-CD.png\" \/>\n\t<meta property=\"og:image:width\" content=\"400\" \/>\n\t<meta property=\"og:image:height\" content=\"400\" \/>\n\t<meta property=\"og:image:type\" content=\"image\/png\" \/>\n<meta name=\"author\" content=\"Jan van Eck\" \/>\n<meta name=\"twitter:card\" content=\"summary_large_image\" \/>\n<meta name=\"twitter:label1\" content=\"Geschreven door\" \/>\n\t<meta name=\"twitter:data1\" content=\"Jan van Eck\" \/>\n\t<meta name=\"twitter:label2\" content=\"Geschatte leestijd\" \/>\n\t<meta name=\"twitter:data2\" content=\"4 minuten\" \/>\n<script type=\"application\/ld+json\" class=\"yoast-schema-graph\">{\"@context\":\"https:\\\/\\\/schema.org\",\"@graph\":[{\"@type\":\"Article\",\"@id\":\"https:\\\/\\\/duivenstraat.nl\\\/index.php\\\/2025\\\/01\\\/08\\\/sunniva-brynnel-bohuslan\\\/#article\",\"isPartOf\":{\"@id\":\"https:\\\/\\\/duivenstraat.nl\\\/index.php\\\/2025\\\/01\\\/08\\\/sunniva-brynnel-bohuslan\\\/\"},\"author\":{\"name\":\"Jan van Eck\",\"@id\":\"https:\\\/\\\/duivenstraat.nl\\\/#\\\/schema\\\/person\\\/9a4e1ff824e6653037a5a6122eb18b5f\"},\"headline\":\"Sunniva Brynnel &#8211; Bohusl\u00e4n\",\"datePublished\":\"2025-01-08T22:28:54+00:00\",\"dateModified\":\"2025-01-08T22:28:56+00:00\",\"mainEntityOfPage\":{\"@id\":\"https:\\\/\\\/duivenstraat.nl\\\/index.php\\\/2025\\\/01\\\/08\\\/sunniva-brynnel-bohuslan\\\/\"},\"wordCount\":560,\"publisher\":{\"@id\":\"https:\\\/\\\/duivenstraat.nl\\\/#organization\"},\"image\":{\"@id\":\"https:\\\/\\\/duivenstraat.nl\\\/index.php\\\/2025\\\/01\\\/08\\\/sunniva-brynnel-bohuslan\\\/#primaryimage\"},\"thumbnailUrl\":\"https:\\\/\\\/duivenstraat.nl\\\/wp-content\\\/uploads\\\/Sunniva-Brynnel-CD.png\",\"articleSection\":[\"ALBUMS UITGELICHT\"],\"inLanguage\":\"nl-NL\"},{\"@type\":\"WebPage\",\"@id\":\"https:\\\/\\\/duivenstraat.nl\\\/index.php\\\/2025\\\/01\\\/08\\\/sunniva-brynnel-bohuslan\\\/\",\"url\":\"https:\\\/\\\/duivenstraat.nl\\\/index.php\\\/2025\\\/01\\\/08\\\/sunniva-brynnel-bohuslan\\\/\",\"name\":\"Sunniva Brynnel - Bohusl\u00e4n - Radio Duivenstraat\",\"isPartOf\":{\"@id\":\"https:\\\/\\\/duivenstraat.nl\\\/#website\"},\"primaryImageOfPage\":{\"@id\":\"https:\\\/\\\/duivenstraat.nl\\\/index.php\\\/2025\\\/01\\\/08\\\/sunniva-brynnel-bohuslan\\\/#primaryimage\"},\"image\":{\"@id\":\"https:\\\/\\\/duivenstraat.nl\\\/index.php\\\/2025\\\/01\\\/08\\\/sunniva-brynnel-bohuslan\\\/#primaryimage\"},\"thumbnailUrl\":\"https:\\\/\\\/duivenstraat.nl\\\/wp-content\\\/uploads\\\/Sunniva-Brynnel-CD.png\",\"datePublished\":\"2025-01-08T22:28:54+00:00\",\"dateModified\":\"2025-01-08T22:28:56+00:00\",\"breadcrumb\":{\"@id\":\"https:\\\/\\\/duivenstraat.nl\\\/index.php\\\/2025\\\/01\\\/08\\\/sunniva-brynnel-bohuslan\\\/#breadcrumb\"},\"inLanguage\":\"nl-NL\",\"potentialAction\":[{\"@type\":\"ReadAction\",\"target\":[\"https:\\\/\\\/duivenstraat.nl\\\/index.php\\\/2025\\\/01\\\/08\\\/sunniva-brynnel-bohuslan\\\/\"]}]},{\"@type\":\"ImageObject\",\"inLanguage\":\"nl-NL\",\"@id\":\"https:\\\/\\\/duivenstraat.nl\\\/index.php\\\/2025\\\/01\\\/08\\\/sunniva-brynnel-bohuslan\\\/#primaryimage\",\"url\":\"https:\\\/\\\/duivenstraat.nl\\\/wp-content\\\/uploads\\\/Sunniva-Brynnel-CD.png\",\"contentUrl\":\"https:\\\/\\\/duivenstraat.nl\\\/wp-content\\\/uploads\\\/Sunniva-Brynnel-CD.png\",\"width\":400,\"height\":400},{\"@type\":\"BreadcrumbList\",\"@id\":\"https:\\\/\\\/duivenstraat.nl\\\/index.php\\\/2025\\\/01\\\/08\\\/sunniva-brynnel-bohuslan\\\/#breadcrumb\",\"itemListElement\":[{\"@type\":\"ListItem\",\"position\":1,\"name\":\"Home\",\"item\":\"https:\\\/\\\/duivenstraat.nl\\\/\"},{\"@type\":\"ListItem\",\"position\":2,\"name\":\"Sunniva Brynnel &#8211; Bohusl\u00e4n\"}]},{\"@type\":\"WebSite\",\"@id\":\"https:\\\/\\\/duivenstraat.nl\\\/#website\",\"url\":\"https:\\\/\\\/duivenstraat.nl\\\/\",\"name\":\"Radio Duivenstraat\",\"description\":\"De kleinste maar kleurrijkste van Hilversum\",\"publisher\":{\"@id\":\"https:\\\/\\\/duivenstraat.nl\\\/#organization\"},\"potentialAction\":[{\"@type\":\"SearchAction\",\"target\":{\"@type\":\"EntryPoint\",\"urlTemplate\":\"https:\\\/\\\/duivenstraat.nl\\\/?s={search_term_string}\"},\"query-input\":{\"@type\":\"PropertyValueSpecification\",\"valueRequired\":true,\"valueName\":\"search_term_string\"}}],\"inLanguage\":\"nl-NL\"},{\"@type\":\"Organization\",\"@id\":\"https:\\\/\\\/duivenstraat.nl\\\/#organization\",\"name\":\"Radio Duivenstraat\",\"url\":\"https:\\\/\\\/duivenstraat.nl\\\/\",\"logo\":{\"@type\":\"ImageObject\",\"inLanguage\":\"nl-NL\",\"@id\":\"https:\\\/\\\/duivenstraat.nl\\\/#\\\/schema\\\/logo\\\/image\\\/\",\"url\":\"https:\\\/\\\/duivenstraat.nl\\\/wp-content\\\/uploads\\\/RD-LOGO.png\",\"contentUrl\":\"https:\\\/\\\/duivenstraat.nl\\\/wp-content\\\/uploads\\\/RD-LOGO.png\",\"width\":300,\"height\":212,\"caption\":\"Radio Duivenstraat\"},\"image\":{\"@id\":\"https:\\\/\\\/duivenstraat.nl\\\/#\\\/schema\\\/logo\\\/image\\\/\"},\"sameAs\":[\"https:\\\/\\\/www.facebook.com\\\/groups\\\/403224806511867\\\/\",\"https:\\\/\\\/bsky.app\\\/profile\\\/radioduivenstraat.bsky.social\"]},{\"@type\":\"Person\",\"@id\":\"https:\\\/\\\/duivenstraat.nl\\\/#\\\/schema\\\/person\\\/9a4e1ff824e6653037a5a6122eb18b5f\",\"name\":\"Jan van Eck\",\"image\":{\"@type\":\"ImageObject\",\"inLanguage\":\"nl-NL\",\"@id\":\"https:\\\/\\\/secure.gravatar.com\\\/avatar\\\/6b6f01e17cd8e3c6ae4512d8f536925570a255a55bd3494039e799b7476bd60b?s=96&d=mm&r=g\",\"url\":\"https:\\\/\\\/secure.gravatar.com\\\/avatar\\\/6b6f01e17cd8e3c6ae4512d8f536925570a255a55bd3494039e799b7476bd60b?s=96&d=mm&r=g\",\"contentUrl\":\"https:\\\/\\\/secure.gravatar.com\\\/avatar\\\/6b6f01e17cd8e3c6ae4512d8f536925570a255a55bd3494039e799b7476bd60b?s=96&d=mm&r=g\",\"caption\":\"Jan van Eck\"},\"url\":\"https:\\\/\\\/duivenstraat.nl\\\/index.php\\\/author\\\/jan-van-eck\\\/\"}]}<\/script>\n<!-- \/ Yoast SEO plugin. -->","yoast_head_json":{"title":"Sunniva Brynnel - Bohusl\u00e4n - Radio Duivenstraat","robots":{"index":"index","follow":"follow","max-snippet":"max-snippet:-1","max-image-preview":"max-image-preview:large","max-video-preview":"max-video-preview:-1"},"canonical":"https:\/\/duivenstraat.nl\/index.php\/2025\/01\/08\/sunniva-brynnel-bohuslan\/","og_locale":"nl_NL","og_type":"article","og_title":"Sunniva Brynnel - Bohusl\u00e4n - Radio Duivenstraat","og_description":"Opgenomen en gemixt door Henrik Cederblom in Studio Epidemin. Gemasterd door Svante Forsb\u00e4ck bij Chartmakers Oy. Alle muziek is traditioneel, behalve Flickan i Uddevalla, met muziek en teksten van Andreas Jansson. De muziek op dit album is gearrangeerd en geproduceerd door Sunniva Brynnel. Album foto door Zita M Photography. De Zweedse accordeonist en zangeres Sunniva [&hellip;]","og_url":"https:\/\/duivenstraat.nl\/index.php\/2025\/01\/08\/sunniva-brynnel-bohuslan\/","og_site_name":"Radio Duivenstraat","article_publisher":"https:\/\/www.facebook.com\/groups\/403224806511867\/","article_published_time":"2025-01-08T22:28:54+00:00","article_modified_time":"2025-01-08T22:28:56+00:00","og_image":[{"width":400,"height":400,"url":"https:\/\/duivenstraat.nl\/wp-content\/uploads\/Sunniva-Brynnel-CD.png","type":"image\/png"}],"author":"Jan van Eck","twitter_card":"summary_large_image","twitter_misc":{"Geschreven door":"Jan van Eck","Geschatte leestijd":"4 minuten"},"schema":{"@context":"https:\/\/schema.org","@graph":[{"@type":"Article","@id":"https:\/\/duivenstraat.nl\/index.php\/2025\/01\/08\/sunniva-brynnel-bohuslan\/#article","isPartOf":{"@id":"https:\/\/duivenstraat.nl\/index.php\/2025\/01\/08\/sunniva-brynnel-bohuslan\/"},"author":{"name":"Jan van Eck","@id":"https:\/\/duivenstraat.nl\/#\/schema\/person\/9a4e1ff824e6653037a5a6122eb18b5f"},"headline":"Sunniva Brynnel &#8211; Bohusl\u00e4n","datePublished":"2025-01-08T22:28:54+00:00","dateModified":"2025-01-08T22:28:56+00:00","mainEntityOfPage":{"@id":"https:\/\/duivenstraat.nl\/index.php\/2025\/01\/08\/sunniva-brynnel-bohuslan\/"},"wordCount":560,"publisher":{"@id":"https:\/\/duivenstraat.nl\/#organization"},"image":{"@id":"https:\/\/duivenstraat.nl\/index.php\/2025\/01\/08\/sunniva-brynnel-bohuslan\/#primaryimage"},"thumbnailUrl":"https:\/\/duivenstraat.nl\/wp-content\/uploads\/Sunniva-Brynnel-CD.png","articleSection":["ALBUMS UITGELICHT"],"inLanguage":"nl-NL"},{"@type":"WebPage","@id":"https:\/\/duivenstraat.nl\/index.php\/2025\/01\/08\/sunniva-brynnel-bohuslan\/","url":"https:\/\/duivenstraat.nl\/index.php\/2025\/01\/08\/sunniva-brynnel-bohuslan\/","name":"Sunniva Brynnel - Bohusl\u00e4n - Radio Duivenstraat","isPartOf":{"@id":"https:\/\/duivenstraat.nl\/#website"},"primaryImageOfPage":{"@id":"https:\/\/duivenstraat.nl\/index.php\/2025\/01\/08\/sunniva-brynnel-bohuslan\/#primaryimage"},"image":{"@id":"https:\/\/duivenstraat.nl\/index.php\/2025\/01\/08\/sunniva-brynnel-bohuslan\/#primaryimage"},"thumbnailUrl":"https:\/\/duivenstraat.nl\/wp-content\/uploads\/Sunniva-Brynnel-CD.png","datePublished":"2025-01-08T22:28:54+00:00","dateModified":"2025-01-08T22:28:56+00:00","breadcrumb":{"@id":"https:\/\/duivenstraat.nl\/index.php\/2025\/01\/08\/sunniva-brynnel-bohuslan\/#breadcrumb"},"inLanguage":"nl-NL","potentialAction":[{"@type":"ReadAction","target":["https:\/\/duivenstraat.nl\/index.php\/2025\/01\/08\/sunniva-brynnel-bohuslan\/"]}]},{"@type":"ImageObject","inLanguage":"nl-NL","@id":"https:\/\/duivenstraat.nl\/index.php\/2025\/01\/08\/sunniva-brynnel-bohuslan\/#primaryimage","url":"https:\/\/duivenstraat.nl\/wp-content\/uploads\/Sunniva-Brynnel-CD.png","contentUrl":"https:\/\/duivenstraat.nl\/wp-content\/uploads\/Sunniva-Brynnel-CD.png","width":400,"height":400},{"@type":"BreadcrumbList","@id":"https:\/\/duivenstraat.nl\/index.php\/2025\/01\/08\/sunniva-brynnel-bohuslan\/#breadcrumb","itemListElement":[{"@type":"ListItem","position":1,"name":"Home","item":"https:\/\/duivenstraat.nl\/"},{"@type":"ListItem","position":2,"name":"Sunniva Brynnel &#8211; Bohusl\u00e4n"}]},{"@type":"WebSite","@id":"https:\/\/duivenstraat.nl\/#website","url":"https:\/\/duivenstraat.nl\/","name":"Radio Duivenstraat","description":"De kleinste maar kleurrijkste van Hilversum","publisher":{"@id":"https:\/\/duivenstraat.nl\/#organization"},"potentialAction":[{"@type":"SearchAction","target":{"@type":"EntryPoint","urlTemplate":"https:\/\/duivenstraat.nl\/?s={search_term_string}"},"query-input":{"@type":"PropertyValueSpecification","valueRequired":true,"valueName":"search_term_string"}}],"inLanguage":"nl-NL"},{"@type":"Organization","@id":"https:\/\/duivenstraat.nl\/#organization","name":"Radio Duivenstraat","url":"https:\/\/duivenstraat.nl\/","logo":{"@type":"ImageObject","inLanguage":"nl-NL","@id":"https:\/\/duivenstraat.nl\/#\/schema\/logo\/image\/","url":"https:\/\/duivenstraat.nl\/wp-content\/uploads\/RD-LOGO.png","contentUrl":"https:\/\/duivenstraat.nl\/wp-content\/uploads\/RD-LOGO.png","width":300,"height":212,"caption":"Radio Duivenstraat"},"image":{"@id":"https:\/\/duivenstraat.nl\/#\/schema\/logo\/image\/"},"sameAs":["https:\/\/www.facebook.com\/groups\/403224806511867\/","https:\/\/bsky.app\/profile\/radioduivenstraat.bsky.social"]},{"@type":"Person","@id":"https:\/\/duivenstraat.nl\/#\/schema\/person\/9a4e1ff824e6653037a5a6122eb18b5f","name":"Jan van Eck","image":{"@type":"ImageObject","inLanguage":"nl-NL","@id":"https:\/\/secure.gravatar.com\/avatar\/6b6f01e17cd8e3c6ae4512d8f536925570a255a55bd3494039e799b7476bd60b?s=96&d=mm&r=g","url":"https:\/\/secure.gravatar.com\/avatar\/6b6f01e17cd8e3c6ae4512d8f536925570a255a55bd3494039e799b7476bd60b?s=96&d=mm&r=g","contentUrl":"https:\/\/secure.gravatar.com\/avatar\/6b6f01e17cd8e3c6ae4512d8f536925570a255a55bd3494039e799b7476bd60b?s=96&d=mm&r=g","caption":"Jan van Eck"},"url":"https:\/\/duivenstraat.nl\/index.php\/author\/jan-van-eck\/"}]}},"_links":{"self":[{"href":"https:\/\/duivenstraat.nl\/index.php\/wp-json\/wp\/v2\/posts\/2466","targetHints":{"allow":["GET"]}}],"collection":[{"href":"https:\/\/duivenstraat.nl\/index.php\/wp-json\/wp\/v2\/posts"}],"about":[{"href":"https:\/\/duivenstraat.nl\/index.php\/wp-json\/wp\/v2\/types\/post"}],"author":[{"embeddable":true,"href":"https:\/\/duivenstraat.nl\/index.php\/wp-json\/wp\/v2\/users\/3"}],"replies":[{"embeddable":true,"href":"https:\/\/duivenstraat.nl\/index.php\/wp-json\/wp\/v2\/comments?post=2466"}],"version-history":[{"count":1,"href":"https:\/\/duivenstraat.nl\/index.php\/wp-json\/wp\/v2\/posts\/2466\/revisions"}],"predecessor-version":[{"id":2470,"href":"https:\/\/duivenstraat.nl\/index.php\/wp-json\/wp\/v2\/posts\/2466\/revisions\/2470"}],"wp:featuredmedia":[{"embeddable":true,"href":"https:\/\/duivenstraat.nl\/index.php\/wp-json\/wp\/v2\/media\/2468"}],"wp:attachment":[{"href":"https:\/\/duivenstraat.nl\/index.php\/wp-json\/wp\/v2\/media?parent=2466"}],"wp:term":[{"taxonomy":"category","embeddable":true,"href":"https:\/\/duivenstraat.nl\/index.php\/wp-json\/wp\/v2\/categories?post=2466"},{"taxonomy":"post_tag","embeddable":true,"href":"https:\/\/duivenstraat.nl\/index.php\/wp-json\/wp\/v2\/tags?post=2466"}],"curies":[{"name":"wp","href":"https:\/\/api.w.org\/{rel}","templated":true}]}}